{"id":771,"date":"2024-02-21T23:24:58","date_gmt":"2024-02-21T22:24:58","guid":{"rendered":"https:\/\/ilcalcionordico.net\/?p=771"},"modified":"2024-02-27T01:58:21","modified_gmt":"2024-02-27T00:58:21","slug":"esclusiva-icn-intervista-a-martin-ornskov","status":"publish","type":"post","link":"https:\/\/ilcalcionordico.net\/index.php\/2024\/02\/21\/esclusiva-icn-intervista-a-martin-ornskov\/","title":{"rendered":"Esclusiva ICN: Intervista a Martin \u00d8rnskov"},"content":{"rendered":"<p>*Intervista dell&#8217;11 giugno 2019<\/p>\n<p style=\"text-align: justify;\">Con circa 400 presenze tra i professionisti, divise come segue: 257 in Superligaen, 44 in Eliteserien, 55 in NordicBet Liga pi\u00f9 una quarantina tra Coppe Nazionali ed Europa League, <strong>Martin \u00d8rnskov<\/strong> si \u00e8 sicuramente distinto come un grandissimo protagonista del Calcio Nordico. Ha difeso i colori di Silkeborg, Br\u00f8ndby, Viking e adesso Lyngby. Leader di questo gruppo, ha vissuto momenti fantastici come il 3\u00b0 posto e l&#8217;avventura in Europa League ma anche terribili, come il rischio fallimento e la retrocessione. Non ha mai esitato, a differenza di altri che hanno lasciato la squadra \u00e8 rimasto fedele ad un club che avrebbe anche potuto sparire ed \u00e8 riuscito &#8211; insieme ai suoi compagni &#8211; a riportarlo in Superligaen. Adesso la parola passa a lui!<\/p>\n<p style=\"text-align: justify;\"><strong>ICN:<\/strong> Complimenti per questo grande traguardo. Lei \u00e8 il Capitano di questo fantastico gruppo, ha vissuto tutte le difficolt\u00e0 legate alla situazione del club. Oggi, cosa vuole dire riguardo a tutto questo?<\/p>\n<p style=\"text-align: justify;\"><strong>M\u00d8: La scorsa stagione ci sono stati alti e bassi. Abbiamo avuto difficolt\u00e0 in autunno ma da gennaio \u00e8 stato un fantastico viaggio. Adesso siamo stati promossi in Superligaen, davvero fantastico, nessuno credeva in questa squadra e adesso abbiamo mostrato di cosa siamo capaci.<\/strong><\/p>\n<p style=\"text-align: justify;\"><strong>ICN:<\/strong> Questa squadra \u00e8 formata da Uomini. Non avete abbandonato il club ed i tifosi e adesso i vostri sforzi sono ripagati. Questo rende tutto pi\u00f9 bello?<\/p>\n<p style=\"text-align: justify;\"><strong>M\u00d8: Si, la sensazione che abbiamo avuto domenica quando siamo stati promossi, ci ha fatto capire che il duro lavoro ed ogni sforzo siano valsi la pena.<\/strong><\/p>\n<p style=\"text-align: justify;\"><strong>ICN:<\/strong> Qual \u00e8 stata la partita chiave della stagione? Quella in cui vi siete detti &#8220;ce la possiamo fare&#8221;.<\/p>\n<p style=\"text-align: justify;\"><strong>M\u00d8: Solo nelle ultime due partite contro il Vendsyssel.<\/strong><\/p>\n<p style=\"text-align: justify;\"><strong>ICN:<\/strong> Davvero?<\/p>\n<p style=\"text-align: justify;\"><strong>M\u00d8: Si, \u00e8 stata una battaglia per arrivare nella TOP 3. Abbiamo perso tanti punti ad inizio stagione. Avevamo la squadra ma non andava all&#8217;inizio.<\/strong><\/p>\n<p style=\"text-align: justify;\"><strong>ICN:<\/strong> Guider\u00e0 ancora questa squadra nella prossima stagione? Lo pu\u00f2 confermare?<\/p>\n<p style=\"text-align: justify;\"><strong>M\u00d8: Credo di si. Ho intenzione di firmare un nuovo contratto.<\/strong><\/p>\n<p style=\"text-align: justify;\"><strong>ICN:<\/strong> Lei \u00e8 un grande leader, ha una grande carriera ed ha inoltre molta esperienza ad alto livello. Ha gi\u00e0 pensato di diventare allenatore in futuro?<\/p>\n<p style=\"text-align: justify;\"><strong>M\u00d8: Non so cosa il futuro mi porter\u00e0. Ma diventare allenatore \u00e8 una delle mie opzioni.<\/strong><\/p>\n<p style=\"text-align: justify;\"><strong>ICN:<\/strong> Pu\u00f2 dare qualche consiglio ai giovani calciatori che stanno leggendo questa intervista? Consigli su come avere un&#8217;ottima carriera e soprattutto su come diventare un ottimo centrocampista difensivo?<\/p>\n<p style=\"text-align: justify;\"><strong>M\u00d8: Il mio consiglio \u00e8: Siate sempre curiosi su come diventare un giocatore migliore, tecnicamente, mentalmente e tatticamente.<\/strong><\/p>\n<p style=\"text-align: justify;\"><strong>ICN:<\/strong> Questo club \u00e8 come una famiglia. Vincere \u00e8 importante ma il rispetto lo \u00e8 ancora di pi\u00f9. Andate sempre a salutare i tifosi a fine partita, questo per loro non ha prezzo. Spero di poter venire al Lyngby Stadion la prossima stagione e perch\u00e9 no, incontrarla.<\/p>\n<p style=\"text-align: justify;\"><strong>M\u00d8: Lo so, i giocatori amano il supporto che riceviamo. Ci vediamo la prossima stagione!<\/strong><\/p>\n<p style=\"text-align: justify;\">Quest&#8217;intervista si chiude con quella che sembra una promessa, ovviamente vi terr\u00f2 al corrente degli sviluppi. Ci tenevo a ringraziare ancora Capitan \u00d8rnskov per il tempo concessomi e per l&#8217;assoluta e graditissima disponibilit\u00e0. L&#8217;augurio \u00e8 ovviamente quello di una stagione piena di successi!<\/p>\n<h2 style=\"text-align: center;\"><strong>VERSIONE ORIGINALE<\/strong><\/h2>\n<p style=\"text-align: justify;\">ICN: Congratulations for this great achievement. You are the captain of this amazing group, you lived all the difficulties about the club situation. Today, what you want to say about that?<\/p>\n<p style=\"text-align: justify;\">M\u00d8: The last season op an down. We really struggle in the fall, but since January is has been one amazing journey. And now we\u2019re ending up promoting to the superliga. Really amazing, nobody believed in the team, and now we show everyone what the team is capable of.<\/p>\n<p style=\"text-align: justify;\">ICN: This team is composed by MEN. You haven&#8217;t abandoned the club and the supporters and now, your efforts are paid off. This makes everything better?<\/p>\n<p style=\"text-align: justify;\">M\u00d8: Yes, the feeling we had Sunday when we promoted. Made every suffering and had work all worth it.<\/p>\n<p style=\"text-align: justify;\">ICN: Which was the key game of the saison? The game where you say, &#8220;yes, we can do it&#8221;.<\/p>\n<p style=\"text-align: justify;\">M\u00d8: Only in the last two games against Vendsyssel.<\/p>\n<p style=\"text-align: justify;\">ICN: Really?<\/p>\n<p style=\"text-align: justify;\">M\u00d8: Yes, it was i fight to be en top 3. Because we lost so many points in the start of the season. We had the team, but didn\u2019t deliver in the beginning.<\/p>\n<p style=\"text-align: justify;\">ICN: Will you still lead this team next season? Can you confirm that?<\/p>\n<p style=\"text-align: justify;\">M\u00d8: Yes believe so. I gonna sign a new contract.<\/p>\n<p style=\"text-align: justify;\">ICN: You are a great leader, you have an amazing career, and you have a lot of experience in the high level. Have you already think to become coach in the future?<\/p>\n<p style=\"text-align: justify;\">M\u00d8: I don\u2019t know what the future brings me. But being a coach is one of my options.<\/p>\n<p style=\"text-align: justify;\">ICN: Can you give advices to young players who read this interview? Advices about which qualities are needed to make an excellent career and especially about how to become a great defensive midfielder.<\/p>\n<p style=\"text-align: justify;\">M\u00d8: My advice would be: always be curious on how to become a better player, technical, mentally and tactically.<\/p>\n<p style=\"text-align: justify;\">ICN: This club is like a family, it&#8217;s important to win but respect it&#8217;s the most important thing. You go towards the supporters at the end of the match, this is priceless for them. I hope I can come to Lyngby Stadion next season and why not meet you if you want.<\/p>\n<p style=\"text-align: justify;\">M\u00d8: I know, the players love all the support we receive. See you next season!<\/p>\n<p style=\"text-align: justify;\">La riproduzione anche parziale dell\u2019intervista \u00e8 severamente vietata in virt\u00f9 delle norme vigenti sul copyright. L\u2019articolo \u00e8 propriet\u00e0 esclusiva de \u00a9 \u201cIl Calcio Nordico\u201d.<\/p>\n<p style=\"text-align: justify;\">\n","protected":false},"excerpt":{"rendered":"<p>*Intervista dell&#8217;11 giugno 2019 Con circa 400 presenze tra i professionisti, divise come segue: 257 in Superligaen, 44 in Eliteserien, 55 in NordicBet Liga<\/p>\n","protected":false},"author":1,"featured_media":772,"comment_status":"open","ping_status":"open","sticky":false,"template":"","format":"standard","meta":{"footnotes":""},"categories":[155,149],"tags":[],"yoast_head":"<!-- This site is optimized with the Yoast SEO plugin v22.1 - https:\/\/yoast.com\/wordpress\/plugins\/seo\/ -->\n<title>Esclusiva ICN: Intervista a Martin \u00d8rnskov - Il Calcio Nordico<\/title>\n<meta name=\"robots\" content=\"index, follow, max-snippet:-1, max-image-preview:large, max-video-preview:-1\" \/>\n<link rel=\"canonical\" href=\"https:\/\/ilcalcionordico.net\/index.php\/2024\/02\/21\/esclusiva-icn-intervista-a-martin-ornskov\/\" \/>\n<meta property=\"og:locale\" content=\"en_US\" \/>\n<meta property=\"og:type\" content=\"article\" \/>\n<meta property=\"og:title\" content=\"Esclusiva ICN: Intervista a Martin \u00d8rnskov - Il Calcio Nordico\" \/>\n<meta property=\"og:description\" content=\"*Intervista dell&#8217;11 giugno 2019 Con circa 400 presenze tra i professionisti, divise come segue: 257 in Superligaen, 44 in Eliteserien, 55 in NordicBet Liga\" \/>\n<meta property=\"og:url\" content=\"https:\/\/ilcalcionordico.net\/index.php\/2024\/02\/21\/esclusiva-icn-intervista-a-martin-ornskov\/\" \/>\n<meta property=\"og:site_name\" content=\"Il Calcio Nordico\" \/>\n<meta property=\"article:published_time\" content=\"2024-02-21T22:24:58+00:00\" \/>\n<meta property=\"article:modified_time\" content=\"2024-02-27T00:58:21+00:00\" \/>\n<meta property=\"og:image\" content=\"https:\/\/ilcalcionordico.net\/wp-content\/uploads\/2024\/02\/Ornskov.jpg\" \/>\n\t<meta property=\"og:image:width\" content=\"1280\" \/>\n\t<meta property=\"og:image:height\" content=\"880\" \/>\n\t<meta property=\"og:image:type\" content=\"image\/jpeg\" \/>\n<meta name=\"author\" content=\"Alessandro Musumeci\" \/>\n<meta name=\"twitter:card\" content=\"summary_large_image\" \/>\n<meta name=\"twitter:label1\" content=\"Written by\" \/>\n\t<meta name=\"twitter:data1\" content=\"Alessandro Musumeci\" \/>\n\t<meta name=\"twitter:label2\" content=\"Est. reading time\" \/>\n\t<meta name=\"twitter:data2\" content=\"5 minutes\" \/>\n<script type=\"application\/ld+json\" class=\"yoast-schema-graph\">{\"@context\":\"https:\/\/schema.org\",\"@graph\":[{\"@type\":\"Article\",\"@id\":\"https:\/\/ilcalcionordico.net\/index.php\/2024\/02\/21\/esclusiva-icn-intervista-a-martin-ornskov\/#article\",\"isPartOf\":{\"@id\":\"https:\/\/ilcalcionordico.net\/index.php\/2024\/02\/21\/esclusiva-icn-intervista-a-martin-ornskov\/\"},\"author\":{\"name\":\"Alessandro Musumeci\",\"@id\":\"https:\/\/ilcalcionordico.net\/#\/schema\/person\/47b13f09a81d8fa141038cd534142875\"},\"headline\":\"Esclusiva ICN: Intervista a Martin \u00d8rnskov\",\"datePublished\":\"2024-02-21T22:24:58+00:00\",\"dateModified\":\"2024-02-27T00:58:21+00:00\",\"mainEntityOfPage\":{\"@id\":\"https:\/\/ilcalcionordico.net\/index.php\/2024\/02\/21\/esclusiva-icn-intervista-a-martin-ornskov\/\"},\"wordCount\":928,\"commentCount\":0,\"publisher\":{\"@id\":\"https:\/\/ilcalcionordico.net\/#organization\"},\"articleSection\":[\"Altre interviste\",\"Danimarca\"],\"inLanguage\":\"en-US\",\"potentialAction\":[{\"@type\":\"CommentAction\",\"name\":\"Comment\",\"target\":[\"https:\/\/ilcalcionordico.net\/index.php\/2024\/02\/21\/esclusiva-icn-intervista-a-martin-ornskov\/#respond\"]}]},{\"@type\":\"WebPage\",\"@id\":\"https:\/\/ilcalcionordico.net\/index.php\/2024\/02\/21\/esclusiva-icn-intervista-a-martin-ornskov\/\",\"url\":\"https:\/\/ilcalcionordico.net\/index.php\/2024\/02\/21\/esclusiva-icn-intervista-a-martin-ornskov\/\",\"name\":\"Esclusiva ICN: Intervista a Martin \u00d8rnskov - Il Calcio Nordico\",\"isPartOf\":{\"@id\":\"https:\/\/ilcalcionordico.net\/#website\"},\"datePublished\":\"2024-02-21T22:24:58+00:00\",\"dateModified\":\"2024-02-27T00:58:21+00:00\",\"breadcrumb\":{\"@id\":\"https:\/\/ilcalcionordico.net\/index.php\/2024\/02\/21\/esclusiva-icn-intervista-a-martin-ornskov\/#breadcrumb\"},\"inLanguage\":\"en-US\",\"potentialAction\":[{\"@type\":\"ReadAction\",\"target\":[\"https:\/\/ilcalcionordico.net\/index.php\/2024\/02\/21\/esclusiva-icn-intervista-a-martin-ornskov\/\"]}]},{\"@type\":\"BreadcrumbList\",\"@id\":\"https:\/\/ilcalcionordico.net\/index.php\/2024\/02\/21\/esclusiva-icn-intervista-a-martin-ornskov\/#breadcrumb\",\"itemListElement\":[{\"@type\":\"ListItem\",\"position\":1,\"name\":\"Accueil\",\"item\":\"https:\/\/ilcalcionordico.net\/\"},{\"@type\":\"ListItem\",\"position\":2,\"name\":\"Esclusiva ICN: Intervista a Martin \u00d8rnskov\"}]},{\"@type\":\"WebSite\",\"@id\":\"https:\/\/ilcalcionordico.net\/#website\",\"url\":\"https:\/\/ilcalcionordico.net\/\",\"name\":\"Il Calcio Nordico\",\"description\":\"Sport e Cultura del Nord Europa\",\"publisher\":{\"@id\":\"https:\/\/ilcalcionordico.net\/#organization\"},\"potentialAction\":[{\"@type\":\"SearchAction\",\"target\":{\"@type\":\"EntryPoint\",\"urlTemplate\":\"https:\/\/ilcalcionordico.net\/?s={search_term_string}\"},\"query-input\":\"required name=search_term_string\"}],\"inLanguage\":\"en-US\"},{\"@type\":\"Organization\",\"@id\":\"https:\/\/ilcalcionordico.net\/#organization\",\"name\":\"Il Calcio Nordico\",\"url\":\"https:\/\/ilcalcionordico.net\/\",\"logo\":{\"@type\":\"ImageObject\",\"inLanguage\":\"en-US\",\"@id\":\"https:\/\/ilcalcionordico.net\/#\/schema\/logo\/image\/\",\"url\":\"https:\/\/ilcalcionordico.net\/wp-content\/uploads\/2024\/02\/cropped-Sans-titre-1.png\",\"contentUrl\":\"https:\/\/ilcalcionordico.net\/wp-content\/uploads\/2024\/02\/cropped-Sans-titre-1.png\",\"width\":70,\"height\":70,\"caption\":\"Il Calcio Nordico\"},\"image\":{\"@id\":\"https:\/\/ilcalcionordico.net\/#\/schema\/logo\/image\/\"}},{\"@type\":\"Person\",\"@id\":\"https:\/\/ilcalcionordico.net\/#\/schema\/person\/47b13f09a81d8fa141038cd534142875\",\"name\":\"Alessandro Musumeci\",\"image\":{\"@type\":\"ImageObject\",\"inLanguage\":\"en-US\",\"@id\":\"https:\/\/ilcalcionordico.net\/#\/schema\/person\/image\/\",\"url\":\"https:\/\/secure.gravatar.com\/avatar\/8474a31a6be93b7675e61b0c66210b00?s=96&d=mm&r=g\",\"contentUrl\":\"https:\/\/secure.gravatar.com\/avatar\/8474a31a6be93b7675e61b0c66210b00?s=96&d=mm&r=g\",\"caption\":\"Alessandro Musumeci\"},\"sameAs\":[\"http:\/\/ilcalcionordico.net\"],\"url\":\"https:\/\/ilcalcionordico.net\/index.php\/author\/ilcalcionordico-net\/\"}]}<\/script>\n<!-- \/ Yoast SEO plugin. -->","yoast_head_json":{"title":"Esclusiva ICN: Intervista a Martin \u00d8rnskov - Il Calcio Nordico","robots":{"index":"index","follow":"follow","max-snippet":"max-snippet:-1","max-image-preview":"max-image-preview:large","max-video-preview":"max-video-preview:-1"},"canonical":"https:\/\/ilcalcionordico.net\/index.php\/2024\/02\/21\/esclusiva-icn-intervista-a-martin-ornskov\/","og_locale":"en_US","og_type":"article","og_title":"Esclusiva ICN: Intervista a Martin \u00d8rnskov - Il Calcio Nordico","og_description":"*Intervista dell&#8217;11 giugno 2019 Con circa 400 presenze tra i professionisti, divise come segue: 257 in Superligaen, 44 in Eliteserien, 55 in NordicBet Liga","og_url":"https:\/\/ilcalcionordico.net\/index.php\/2024\/02\/21\/esclusiva-icn-intervista-a-martin-ornskov\/","og_site_name":"Il Calcio Nordico","article_published_time":"2024-02-21T22:24:58+00:00","article_modified_time":"2024-02-27T00:58:21+00:00","og_image":[{"width":1280,"height":880,"url":"https:\/\/ilcalcionordico.net\/wp-content\/uploads\/2024\/02\/Ornskov.jpg","type":"image\/jpeg"}],"author":"Alessandro Musumeci","twitter_card":"summary_large_image","twitter_misc":{"Written by":"Alessandro Musumeci","Est. reading time":"5 minutes"},"schema":{"@context":"https:\/\/schema.org","@graph":[{"@type":"Article","@id":"https:\/\/ilcalcionordico.net\/index.php\/2024\/02\/21\/esclusiva-icn-intervista-a-martin-ornskov\/#article","isPartOf":{"@id":"https:\/\/ilcalcionordico.net\/index.php\/2024\/02\/21\/esclusiva-icn-intervista-a-martin-ornskov\/"},"author":{"name":"Alessandro Musumeci","@id":"https:\/\/ilcalcionordico.net\/#\/schema\/person\/47b13f09a81d8fa141038cd534142875"},"headline":"Esclusiva ICN: Intervista a Martin \u00d8rnskov","datePublished":"2024-02-21T22:24:58+00:00","dateModified":"2024-02-27T00:58:21+00:00","mainEntityOfPage":{"@id":"https:\/\/ilcalcionordico.net\/index.php\/2024\/02\/21\/esclusiva-icn-intervista-a-martin-ornskov\/"},"wordCount":928,"commentCount":0,"publisher":{"@id":"https:\/\/ilcalcionordico.net\/#organization"},"articleSection":["Altre interviste","Danimarca"],"inLanguage":"en-US","potentialAction":[{"@type":"CommentAction","name":"Comment","target":["https:\/\/ilcalcionordico.net\/index.php\/2024\/02\/21\/esclusiva-icn-intervista-a-martin-ornskov\/#respond"]}]},{"@type":"WebPage","@id":"https:\/\/ilcalcionordico.net\/index.php\/2024\/02\/21\/esclusiva-icn-intervista-a-martin-ornskov\/","url":"https:\/\/ilcalcionordico.net\/index.php\/2024\/02\/21\/esclusiva-icn-intervista-a-martin-ornskov\/","name":"Esclusiva ICN: Intervista a Martin \u00d8rnskov - Il Calcio Nordico","isPartOf":{"@id":"https:\/\/ilcalcionordico.net\/#website"},"datePublished":"2024-02-21T22:24:58+00:00","dateModified":"2024-02-27T00:58:21+00:00","breadcrumb":{"@id":"https:\/\/ilcalcionordico.net\/index.php\/2024\/02\/21\/esclusiva-icn-intervista-a-martin-ornskov\/#breadcrumb"},"inLanguage":"en-US","potentialAction":[{"@type":"ReadAction","target":["https:\/\/ilcalcionordico.net\/index.php\/2024\/02\/21\/esclusiva-icn-intervista-a-martin-ornskov\/"]}]},{"@type":"BreadcrumbList","@id":"https:\/\/ilcalcionordico.net\/index.php\/2024\/02\/21\/esclusiva-icn-intervista-a-martin-ornskov\/#breadcrumb","itemListElement":[{"@type":"ListItem","position":1,"name":"Accueil","item":"https:\/\/ilcalcionordico.net\/"},{"@type":"ListItem","position":2,"name":"Esclusiva ICN: Intervista a Martin \u00d8rnskov"}]},{"@type":"WebSite","@id":"https:\/\/ilcalcionordico.net\/#website","url":"https:\/\/ilcalcionordico.net\/","name":"Il Calcio Nordico","description":"Sport e Cultura del Nord Europa","publisher":{"@id":"https:\/\/ilcalcionordico.net\/#organization"},"potentialAction":[{"@type":"SearchAction","target":{"@type":"EntryPoint","urlTemplate":"https:\/\/ilcalcionordico.net\/?s={search_term_string}"},"query-input":"required name=search_term_string"}],"inLanguage":"en-US"},{"@type":"Organization","@id":"https:\/\/ilcalcionordico.net\/#organization","name":"Il Calcio Nordico","url":"https:\/\/ilcalcionordico.net\/","logo":{"@type":"ImageObject","inLanguage":"en-US","@id":"https:\/\/ilcalcionordico.net\/#\/schema\/logo\/image\/","url":"https:\/\/ilcalcionordico.net\/wp-content\/uploads\/2024\/02\/cropped-Sans-titre-1.png","contentUrl":"https:\/\/ilcalcionordico.net\/wp-content\/uploads\/2024\/02\/cropped-Sans-titre-1.png","width":70,"height":70,"caption":"Il Calcio Nordico"},"image":{"@id":"https:\/\/ilcalcionordico.net\/#\/schema\/logo\/image\/"}},{"@type":"Person","@id":"https:\/\/ilcalcionordico.net\/#\/schema\/person\/47b13f09a81d8fa141038cd534142875","name":"Alessandro Musumeci","image":{"@type":"ImageObject","inLanguage":"en-US","@id":"https:\/\/ilcalcionordico.net\/#\/schema\/person\/image\/","url":"https:\/\/secure.gravatar.com\/avatar\/8474a31a6be93b7675e61b0c66210b00?s=96&d=mm&r=g","contentUrl":"https:\/\/secure.gravatar.com\/avatar\/8474a31a6be93b7675e61b0c66210b00?s=96&d=mm&r=g","caption":"Alessandro Musumeci"},"sameAs":["http:\/\/ilcalcionordico.net"],"url":"https:\/\/ilcalcionordico.net\/index.php\/author\/ilcalcionordico-net\/"}]}},"jetpack_sharing_enabled":true,"jetpack_featured_media_url":"https:\/\/ilcalcionordico.net\/wp-content\/uploads\/2024\/02\/Ornskov.jpg","_links":{"self":[{"href":"https:\/\/ilcalcionordico.net\/index.php\/wp-json\/wp\/v2\/posts\/771"}],"collection":[{"href":"https:\/\/ilcalcionordico.net\/index.php\/wp-json\/wp\/v2\/posts"}],"about":[{"href":"https:\/\/ilcalcionordico.net\/index.php\/wp-json\/wp\/v2\/types\/post"}],"author":[{"embeddable":true,"href":"https:\/\/ilcalcionordico.net\/index.php\/wp-json\/wp\/v2\/users\/1"}],"replies":[{"embeddable":true,"href":"https:\/\/ilcalcionordico.net\/index.php\/wp-json\/wp\/v2\/comments?post=771"}],"version-history":[{"count":3,"href":"https:\/\/ilcalcionordico.net\/index.php\/wp-json\/wp\/v2\/posts\/771\/revisions"}],"predecessor-version":[{"id":849,"href":"https:\/\/ilcalcionordico.net\/index.php\/wp-json\/wp\/v2\/posts\/771\/revisions\/849"}],"wp:featuredmedia":[{"embeddable":true,"href":"https:\/\/ilcalcionordico.net\/index.php\/wp-json\/wp\/v2\/media\/772"}],"wp:attachment":[{"href":"https:\/\/ilcalcionordico.net\/index.php\/wp-json\/wp\/v2\/media?parent=771"}],"wp:term":[{"taxonomy":"category","embeddable":true,"href":"https:\/\/ilcalcionordico.net\/index.php\/wp-json\/wp\/v2\/categories?post=771"},{"taxonomy":"post_tag","embeddable":true,"href":"https:\/\/ilcalcionordico.net\/index.php\/wp-json\/wp\/v2\/tags?post=771"}],"curies":[{"name":"wp","href":"https:\/\/api.w.org\/{rel}","templated":true}]}}